{"@context":"https:\/\/schema.org\/","@type":"CollectionPage","@id":"https:\/\/www.alip.cz\/deti\/#CollectionPage","headline":"D\u011bti Category","description":"","url":"https:\/\/www.alip.cz\/deti\/","hasPart":[{"@type":"Article","@id":"https:\/\/www.alip.cz\/barvy-a-psychika-jak-vymalovat-pokoj-pro-batole\/","headline":"Barvy a psychika: jak vymalovat pokoj pro batole?","url":"https:\/\/www.alip.cz\/barvy-a-psychika-jak-vymalovat-pokoj-pro-batole\/","datePublished":"2025-02-28","dateModified":"2023-04-29","mainEntityOfPage":"https:\/\/www.alip.cz\/barvy-a-psychika-jak-vymalovat-pokoj-pro-batole\/","author":{"@type":"Person","@id":"https:\/\/www.alip.cz\/author\/#Person","name":"alip.cz\n","url":"https:\/\/www.alip.cz\/author\/","identifier":1,"image":{"@type":"ImageObject","@id":"https:\/\/secure.gravatar.com\/avatar\/a1f3afbcba6a2c855138f9932fa7e5ab7d93bdcdef3da88e8b7e3a89881e43e8?s=96&d=mm&r=g","url":"https:\/\/secure.gravatar.com\/avatar\/a1f3afbcba6a2c855138f9932fa7e5ab7d93bdcdef3da88e8b7e3a89881e43e8?s=96&d=mm&r=g","height":96,"width":96}},"publisher":{"@type":"Organization","name":"alip.cz","logo":{"@type":"ImageObject","@id":"\/logo.png","url":"\/logo.png","width":600,"height":60}},"image":{"@type":"ImageObject","@id":"https:\/\/www.alip.cz\/wp-content\/uploads\/img_a287330_w2064_t1497992013.jpg","url":"https:\/\/www.alip.cz\/wp-content\/uploads\/img_a287330_w2064_t1497992013.jpg","height":0,"width":0},"keywords":null},{"@type":"Article","@id":"https:\/\/www.alip.cz\/horecka-u-malych-deti\/","headline":"Hore\u010dka u mal\u00fdch d\u011bt\u00ed","url":"https:\/\/www.alip.cz\/horecka-u-malych-deti\/","datePublished":"2025-02-26","dateModified":"2023-04-29","mainEntityOfPage":"https:\/\/www.alip.cz\/horecka-u-malych-deti\/","author":{"@type":"Person","@id":"https:\/\/www.alip.cz\/author\/#Person","name":"alip.cz\n","url":"https:\/\/www.alip.cz\/author\/","identifier":1,"image":{"@type":"ImageObject","@id":"https:\/\/secure.gravatar.com\/avatar\/a1f3afbcba6a2c855138f9932fa7e5ab7d93bdcdef3da88e8b7e3a89881e43e8?s=96&d=mm&r=g","url":"https:\/\/secure.gravatar.com\/avatar\/a1f3afbcba6a2c855138f9932fa7e5ab7d93bdcdef3da88e8b7e3a89881e43e8?s=96&d=mm&r=g","height":96,"width":96}},"publisher":{"@type":"Organization","name":"alip.cz","logo":{"@type":"ImageObject","@id":"\/logo.png","url":"\/logo.png","width":600,"height":60}},"image":{"@type":"ImageObject","@id":"https:\/\/www.alip.cz\/wp-content\/uploads\/img_a306689_w2064_t1517933513.jpg","url":"https:\/\/www.alip.cz\/wp-content\/uploads\/img_a306689_w2064_t1517933513.jpg","height":0,"width":0},"keywords":null},{"@type":"Article","@id":"https:\/\/www.alip.cz\/s-pubertakem-na-dovolenou\/","headline":"S puber\u0165\u00e1kem na dovolenou","url":"https:\/\/www.alip.cz\/s-pubertakem-na-dovolenou\/","datePublished":"2025-02-26","dateModified":"2023-04-29","mainEntityOfPage":"https:\/\/www.alip.cz\/s-pubertakem-na-dovolenou\/","author":{"@type":"Person","@id":"https:\/\/www.alip.cz\/author\/#Person","name":"alip.cz\n","url":"https:\/\/www.alip.cz\/author\/","identifier":1,"image":{"@type":"ImageObject","@id":"https:\/\/secure.gravatar.com\/avatar\/a1f3afbcba6a2c855138f9932fa7e5ab7d93bdcdef3da88e8b7e3a89881e43e8?s=96&d=mm&r=g","url":"https:\/\/secure.gravatar.com\/avatar\/a1f3afbcba6a2c855138f9932fa7e5ab7d93bdcdef3da88e8b7e3a89881e43e8?s=96&d=mm&r=g","height":96,"width":96}},"publisher":{"@type":"Organization","name":"alip.cz","logo":{"@type":"ImageObject","@id":"\/logo.png","url":"\/logo.png","width":600,"height":60}},"image":{"@type":"ImageObject","@id":"https:\/\/www.alip.cz\/wp-content\/uploads\/img_a288114_w2064_t1498594837.jpg","url":"https:\/\/www.alip.cz\/wp-content\/uploads\/img_a288114_w2064_t1498594837.jpg","height":0,"width":0},"keywords":null},{"@type":"Article","@id":"https:\/\/www.alip.cz\/kdyz-se-zena-stane-babickou\/","headline":"Kdy\u017e se \u017eena stane babi\u010dkou","url":"https:\/\/www.alip.cz\/kdyz-se-zena-stane-babickou\/","datePublished":"2025-02-23","dateModified":"2023-04-29","mainEntityOfPage":"https:\/\/www.alip.cz\/kdyz-se-zena-stane-babickou\/","author":{"@type":"Person","@id":"https:\/\/www.alip.cz\/author\/#Person","name":"alip.cz\n","url":"https:\/\/www.alip.cz\/author\/","identifier":1,"image":{"@type":"ImageObject","@id":"https:\/\/secure.gravatar.com\/avatar\/a1f3afbcba6a2c855138f9932fa7e5ab7d93bdcdef3da88e8b7e3a89881e43e8?s=96&d=mm&r=g","url":"https:\/\/secure.gravatar.com\/avatar\/a1f3afbcba6a2c855138f9932fa7e5ab7d93bdcdef3da88e8b7e3a89881e43e8?s=96&d=mm&r=g","height":96,"width":96}},"publisher":{"@type":"Organization","name":"alip.cz","logo":{"@type":"ImageObject","@id":"\/logo.png","url":"\/logo.png","width":600,"height":60}},"image":{"@type":"ImageObject","@id":"https:\/\/www.alip.cz\/wp-content\/uploads\/img_a305263_w2064_t1516779381.jpg","url":"https:\/\/www.alip.cz\/wp-content\/uploads\/img_a305263_w2064_t1516779381.jpg","height":0,"width":0},"keywords":null},{"@type":"Article","@id":"https:\/\/www.alip.cz\/dostupna-zabava-ktera-neomrzi\/","headline":"Dostupn\u00e1 z\u00e1bava, kter\u00e1 neomrz\u00ed","url":"https:\/\/www.alip.cz\/dostupna-zabava-ktera-neomrzi\/","datePublished":"2023-04-29","dateModified":"2023-04-29","mainEntityOfPage":"https:\/\/www.alip.cz\/dostupna-zabava-ktera-neomrzi\/","author":{"@type":"Person","@id":"https:\/\/www.alip.cz\/author\/#Person","name":"alip.cz\n","url":"https:\/\/www.alip.cz\/author\/","identifier":1,"image":{"@type":"ImageObject","@id":"https:\/\/secure.gravatar.com\/avatar\/a1f3afbcba6a2c855138f9932fa7e5ab7d93bdcdef3da88e8b7e3a89881e43e8?s=96&d=mm&r=g","url":"https:\/\/secure.gravatar.com\/avatar\/a1f3afbcba6a2c855138f9932fa7e5ab7d93bdcdef3da88e8b7e3a89881e43e8?s=96&d=mm&r=g","height":96,"width":96}},"publisher":{"@type":"Organization","name":"alip.cz","logo":{"@type":"ImageObject","@id":"\/logo.png","url":"\/logo.png","width":600,"height":60}},"image":null,"keywords":null},{"@type":"Article","@id":"https:\/\/www.alip.cz\/takzvany-kolobeh-zivota-miminka-a-deti-pro-vsechny-maminky\/","headline":"Takzvan\u00fd kolob\u011bh \u017eivota miminka a d\u011bt\u00ed pro v\u0161echny maminky","url":"https:\/\/www.alip.cz\/takzvany-kolobeh-zivota-miminka-a-deti-pro-vsechny-maminky\/","datePublished":"2023-04-29","dateModified":"2023-04-29","mainEntityOfPage":"https:\/\/www.alip.cz\/takzvany-kolobeh-zivota-miminka-a-deti-pro-vsechny-maminky\/","author":{"@type":"Person","@id":"https:\/\/www.alip.cz\/author\/#Person","name":"alip.cz\n","url":"https:\/\/www.alip.cz\/author\/","identifier":1,"image":{"@type":"ImageObject","@id":"https:\/\/secure.gravatar.com\/avatar\/a1f3afbcba6a2c855138f9932fa7e5ab7d93bdcdef3da88e8b7e3a89881e43e8?s=96&d=mm&r=g","url":"https:\/\/secure.gravatar.com\/avatar\/a1f3afbcba6a2c855138f9932fa7e5ab7d93bdcdef3da88e8b7e3a89881e43e8?s=96&d=mm&r=g","height":96,"width":96}},"publisher":{"@type":"Organization","name":"alip.cz","logo":{"@type":"ImageObject","@id":"\/logo.png","url":"\/logo.png","width":600,"height":60}},"image":null,"keywords":null},{"@type":"Article","@id":"https:\/\/www.alip.cz\/udelejte-detem-radost-a-kupte-jim-trampolinu\/","headline":"Ud\u011blejte d\u011btem radost a kupte jim trampol\u00ednu","url":"https:\/\/www.alip.cz\/udelejte-detem-radost-a-kupte-jim-trampolinu\/","datePublished":"2017-05-02","dateModified":"2023-04-29","mainEntityOfPage":"https:\/\/www.alip.cz\/udelejte-detem-radost-a-kupte-jim-trampolinu\/","author":{"@type":"Person","@id":"https:\/\/www.alip.cz\/author\/#Person","name":"alip.cz\n","url":"https:\/\/www.alip.cz\/author\/","identifier":1,"image":{"@type":"ImageObject","@id":"https:\/\/secure.gravatar.com\/avatar\/a1f3afbcba6a2c855138f9932fa7e5ab7d93bdcdef3da88e8b7e3a89881e43e8?s=96&d=mm&r=g","url":"https:\/\/secure.gravatar.com\/avatar\/a1f3afbcba6a2c855138f9932fa7e5ab7d93bdcdef3da88e8b7e3a89881e43e8?s=96&d=mm&r=g","height":96,"width":96}},"publisher":{"@type":"Organization","name":"alip.cz","logo":{"@type":"ImageObject","@id":"\/logo.png","url":"\/logo.png","width":600,"height":60}},"image":{"@type":"ImageObject","@id":"https:\/\/www.alip.cz\/wp-content\/uploads\/img_a289355_w2064_t1500828036.jpg","url":"https:\/\/www.alip.cz\/wp-content\/uploads\/img_a289355_w2064_t1500828036.jpg","height":0,"width":0},"keywords":null},{"@type":"Article","@id":"https:\/\/www.alip.cz\/zajimave-a-obohacujici-vylety-pro-deti\/","headline":"Zaj\u00edmav\u00e9 a obohacuj\u00edc\u00ed v\u00fdlety pro d\u011bti","url":"https:\/\/www.alip.cz\/zajimave-a-obohacujici-vylety-pro-deti\/","datePublished":"2017-03-22","dateModified":"2023-04-29","mainEntityOfPage":"https:\/\/www.alip.cz\/zajimave-a-obohacujici-vylety-pro-deti\/","author":{"@type":"Person","@id":"https:\/\/www.alip.cz\/author\/#Person","name":"alip.cz\n","url":"https:\/\/www.alip.cz\/author\/","identifier":1,"image":{"@type":"ImageObject","@id":"https:\/\/secure.gravatar.com\/avatar\/a1f3afbcba6a2c855138f9932fa7e5ab7d93bdcdef3da88e8b7e3a89881e43e8?s=96&d=mm&r=g","url":"https:\/\/secure.gravatar.com\/avatar\/a1f3afbcba6a2c855138f9932fa7e5ab7d93bdcdef3da88e8b7e3a89881e43e8?s=96&d=mm&r=g","height":96,"width":96}},"publisher":{"@type":"Organization","name":"alip.cz","logo":{"@type":"ImageObject","@id":"\/logo.png","url":"\/logo.png","width":600,"height":60}},"image":null,"keywords":null}]}